{"id":356369,"date":"2022-11-14T14:04:32","date_gmt":"2022-11-14T13:04:32","guid":{"rendered":"http:\/\/rzucewo.com\/?p=356369"},"modified":"2022-11-14T14:04:33","modified_gmt":"2022-11-14T13:04:33","slug":"zaduszki-w-parku-kulturowym","status":"publish","type":"post","link":"http:\/\/rzucewo.com\/?p=356369","title":{"rendered":"Zaduszki w Parku Kulturowym"},"content":{"rendered":"\n<p>W dniu 5 listopada Ko\u0142o Przewodnik\u00f3w Turystycznych i Pilot\u00f3w PTTK w Pucku zorganizowa\u0142o wiecz\u00f3r wspomnie\u0144 o dw\u00f3ch osobach kt\u00f3re na trwale wpisa\u0142y si\u0119 w historie samorz\u0105du powiatu i gminy Puck. Zgodnie z tradycj\u0105 w tym dniu puccy przewodnicy i Go\u015bcie z gda\u0144skiego Ko\u0142a PTTK, odwiedzili groby os\u00f3b kt\u00f3re planowano wspomina\u0107 tj: Pani\u0105 Urszul\u0119 Kasperek i Pana Krzysztofa Garstkowiaka. W Rzucewie Go\u015bci przywita\u0142 przewodnicz\u0105cy puckiego ko\u0142a PTTK \u2013 pan Jan Piotrowicz. a, w imieniu Dyrektora OKSiT-u, Go\u015bci powita\u0142a Pani Wies\u0142awa Roszmann \u2013 Selin. Pani\u0105 Urszul\u0119 Kasperek &#8211; pierwszego W\u00f3jta samodzielnej Gminy Puck wspomina\u0142 Pan Jan Piotrowicz, natomiast archeolog Danuta Kr\u00f3l przypomnia\u0142a osob\u0119 Krzysztofa Garstkowiaka \u2013 pasjonata archeologii, pracownika O\u015brodka Kultury Sportu i Turystyki w Gminie Puck i so\u0142tysa Os\u0142onina. W\u015br\u00f3d Go\u015bci by\u0142a Rodzina i Ma\u0142\u017conka Pana Krzysztofa &#8211; Pani Wanda &#8211; kt\u00f3ra wspomina\u0142a go jako M\u0119\u017ca i Dziadka. Pani Urszula Kasperek zapisa\u0142a si\u0119 we wdzi\u0119cznej pami\u0119ci mieszka\u0144c\u00f3w gminy, natomiast pan Jan Piotrowicz przypomnia\u0142, nieznan\u0105, jej dzia\u0142alno\u015b\u0107 na rzecz rozwoju turystyki rowerowej. Wspomnienia s\u0105 najwi\u0119kszym skarbem kt\u00f3ry pozostawili nam osoby kt\u00f3re odesz\u0142y. To dzi\u0119ki wspomnieniom pami\u0119tamy o zmar\u0142ych, warto zatem przypomnie\u0107 fragment wiersza Ksi\u0119dza Jana Twardowskiego &#8222;mo\u017cna odej\u015b\u0107 na zawsze, by stale by\u0107 blisko&#8221;<\/p>\n\n\n\n<p><\/p>\n\n\n\n<p><\/p>\n\n\n\n\n\n<div class=\"ngg-galleryoverview ngg-slideshow\"\n\t id=\"ngg-slideshow-8c8bcae7e0fcc978cd4bab22dde1432c-21187458540\"\n     data-gallery-id=\"8c8bcae7e0fcc978cd4bab22dde1432c\"\n     style=\"max-width: 640px; max-height: 480px;\">\n\n \t<div id=\"ngg-image-0\" class=\"ngg-gallery-slideshow-image\" style=\"height:480px\">\n\n        <a href=\"http:\/\/rzucewo.com\/wp-content\/gallery\/zaduszki\/003_zaduszki_2022.jpg\"\n           title=\"\"\n           data-src=\"http:\/\/rzucewo.com\/wp-content\/gallery\/zaduszki\/003_zaduszki_2022.jpg\"\n           data-thumbnail=\"http:\/\/rzucewo.com\/wp-content\/gallery\/zaduszki\/thumbs\/thumbs_003_zaduszki_2022.jpg\"\n           data-image-id=\"1782\"\n           data-title=\"003_zaduszki_2022\"\n           data-description=\"\"\n           class='nggobasic-fancybox' rel='8c8bcae7e0fcc978cd4bab22dde1432c'>\n\n            <img data-image-id='1782'\n                 title=\"\"\n                 alt=\"003_zaduszki_2022\"\n                 src=\"http:\/\/rzucewo.com\/wp-content\/gallery\/zaduszki\/003_zaduszki_2022.jpg\"\n                 style=\"max-height: 460px;\"\/>\n        <\/a>\n\n        <\/div> \n<div id=\"ngg-image-1\" class=\"ngg-gallery-slideshow-image\" style=\"height:480px\">\n\n        <a href=\"http:\/\/rzucewo.com\/wp-content\/gallery\/zaduszki\/005_zaduszki_2022.jpg\"\n           title=\"\"\n           data-src=\"http:\/\/rzucewo.com\/wp-content\/gallery\/zaduszki\/005_zaduszki_2022.jpg\"\n           data-thumbnail=\"http:\/\/rzucewo.com\/wp-content\/gallery\/zaduszki\/thumbs\/thumbs_005_zaduszki_2022.jpg\"\n           data-image-id=\"1783\"\n           data-title=\"005_zaduszki_2022\"\n           data-description=\"\"\n           class='nggobasic-fancybox' rel='8c8bcae7e0fcc978cd4bab22dde1432c'>\n\n            <img data-image-id='1783'\n                 title=\"\"\n                 alt=\"005_zaduszki_2022\"\n                 src=\"http:\/\/rzucewo.com\/wp-content\/gallery\/zaduszki\/005_zaduszki_2022.jpg\"\n                 style=\"max-height: 460px;\"\/>\n        <\/a>\n\n        <\/div> \n<div id=\"ngg-image-2\" class=\"ngg-gallery-slideshow-image\" style=\"height:480px\">\n\n        <a href=\"http:\/\/rzucewo.com\/wp-content\/gallery\/zaduszki\/004_zaduszki_2022.jpg\"\n           title=\"\"\n           data-src=\"http:\/\/rzucewo.com\/wp-content\/gallery\/zaduszki\/004_zaduszki_2022.jpg\"\n           data-thumbnail=\"http:\/\/rzucewo.com\/wp-content\/gallery\/zaduszki\/thumbs\/thumbs_004_zaduszki_2022.jpg\"\n           data-image-id=\"1784\"\n           data-title=\"004_zaduszki_2022\"\n           data-description=\"\"\n           class='nggobasic-fancybox' rel='8c8bcae7e0fcc978cd4bab22dde1432c'>\n\n            <img data-image-id='1784'\n                 title=\"\"\n                 alt=\"004_zaduszki_2022\"\n                 src=\"http:\/\/rzucewo.com\/wp-content\/gallery\/zaduszki\/004_zaduszki_2022.jpg\"\n                 style=\"max-height: 460px;\"\/>\n        <\/a>\n\n        <\/div> \n<div id=\"ngg-image-3\" class=\"ngg-gallery-slideshow-image\" style=\"height:480px\">\n\n        <a href=\"http:\/\/rzucewo.com\/wp-content\/gallery\/zaduszki\/008_zaduszki_2022.jpg\"\n           title=\"\"\n           data-src=\"http:\/\/rzucewo.com\/wp-content\/gallery\/zaduszki\/008_zaduszki_2022.jpg\"\n           data-thumbnail=\"http:\/\/rzucewo.com\/wp-content\/gallery\/zaduszki\/thumbs\/thumbs_008_zaduszki_2022.jpg\"\n           data-image-id=\"1785\"\n           data-title=\"008_zaduszki_2022\"\n           data-description=\"\"\n           class='nggobasic-fancybox' rel='8c8bcae7e0fcc978cd4bab22dde1432c'>\n\n            <img data-image-id='1785'\n                 title=\"\"\n                 alt=\"008_zaduszki_2022\"\n                 src=\"http:\/\/rzucewo.com\/wp-content\/gallery\/zaduszki\/008_zaduszki_2022.jpg\"\n                 style=\"max-height: 460px;\"\/>\n        <\/a>\n\n        <\/div> \n<div id=\"ngg-image-4\" class=\"ngg-gallery-slideshow-image\" style=\"height:480px\">\n\n        <a href=\"http:\/\/rzucewo.com\/wp-content\/gallery\/zaduszki\/007_zaduszki_2022.jpg\"\n           title=\"\"\n           data-src=\"http:\/\/rzucewo.com\/wp-content\/gallery\/zaduszki\/007_zaduszki_2022.jpg\"\n           data-thumbnail=\"http:\/\/rzucewo.com\/wp-content\/gallery\/zaduszki\/thumbs\/thumbs_007_zaduszki_2022.jpg\"\n           data-image-id=\"1786\"\n           data-title=\"007_zaduszki_2022\"\n           data-description=\"\"\n           class='nggobasic-fancybox' rel='8c8bcae7e0fcc978cd4bab22dde1432c'>\n\n            <img data-image-id='1786'\n                 title=\"\"\n                 alt=\"007_zaduszki_2022\"\n                 src=\"http:\/\/rzucewo.com\/wp-content\/gallery\/zaduszki\/007_zaduszki_2022.jpg\"\n                 style=\"max-height: 460px;\"\/>\n        <\/a>\n\n        <\/div> \n<div id=\"ngg-image-5\" class=\"ngg-gallery-slideshow-image\" style=\"height:480px\">\n\n        <a href=\"http:\/\/rzucewo.com\/wp-content\/gallery\/zaduszki\/006_zaduszki_2022.jpg\"\n           title=\"\"\n           data-src=\"http:\/\/rzucewo.com\/wp-content\/gallery\/zaduszki\/006_zaduszki_2022.jpg\"\n           data-thumbnail=\"http:\/\/rzucewo.com\/wp-content\/gallery\/zaduszki\/thumbs\/thumbs_006_zaduszki_2022.jpg\"\n           data-image-id=\"1787\"\n           data-title=\"006_zaduszki_2022\"\n           data-description=\"\"\n           class='nggobasic-fancybox' rel='8c8bcae7e0fcc978cd4bab22dde1432c'>\n\n            <img data-image-id='1787'\n                 title=\"\"\n                 alt=\"006_zaduszki_2022\"\n                 src=\"http:\/\/rzucewo.com\/wp-content\/gallery\/zaduszki\/006_zaduszki_2022.jpg\"\n                 style=\"max-height: 460px;\"\/>\n        <\/a>\n\n        <\/div> \n<div id=\"ngg-image-6\" class=\"ngg-gallery-slideshow-image\" style=\"height:480px\">\n\n        <a href=\"http:\/\/rzucewo.com\/wp-content\/gallery\/zaduszki\/009_zaduszki_2022.jpg\"\n           title=\"\"\n           data-src=\"http:\/\/rzucewo.com\/wp-content\/gallery\/zaduszki\/009_zaduszki_2022.jpg\"\n           data-thumbnail=\"http:\/\/rzucewo.com\/wp-content\/gallery\/zaduszki\/thumbs\/thumbs_009_zaduszki_2022.jpg\"\n           data-image-id=\"1788\"\n           data-title=\"009_zaduszki_2022\"\n           data-description=\"\"\n           class='nggobasic-fancybox' rel='8c8bcae7e0fcc978cd4bab22dde1432c'>\n\n            <img data-image-id='1788'\n                 title=\"\"\n                 alt=\"009_zaduszki_2022\"\n                 src=\"http:\/\/rzucewo.com\/wp-content\/gallery\/zaduszki\/009_zaduszki_2022.jpg\"\n                 style=\"max-height: 460px;\"\/>\n        <\/a>\n\n        <\/div> \n<div id=\"ngg-image-7\" class=\"ngg-gallery-slideshow-image\" style=\"height:480px\">\n\n        <a href=\"http:\/\/rzucewo.com\/wp-content\/gallery\/zaduszki\/001_zaduszki_2022.jpg\"\n           title=\"\"\n           data-src=\"http:\/\/rzucewo.com\/wp-content\/gallery\/zaduszki\/001_zaduszki_2022.jpg\"\n           data-thumbnail=\"http:\/\/rzucewo.com\/wp-content\/gallery\/zaduszki\/thumbs\/thumbs_001_zaduszki_2022.jpg\"\n           data-image-id=\"1789\"\n           data-title=\"001_zaduszki_2022\"\n           data-description=\"\"\n           class='nggobasic-fancybox' rel='8c8bcae7e0fcc978cd4bab22dde1432c'>\n\n            <img data-image-id='1789'\n                 title=\"\"\n                 alt=\"001_zaduszki_2022\"\n                 src=\"http:\/\/rzucewo.com\/wp-content\/gallery\/zaduszki\/001_zaduszki_2022.jpg\"\n                 style=\"max-height: 460px;\"\/>\n        <\/a>\n\n        <\/div> \n<div id=\"ngg-image-8\" class=\"ngg-gallery-slideshow-image\" style=\"height:480px\">\n\n        <a href=\"http:\/\/rzucewo.com\/wp-content\/gallery\/zaduszki\/002_zaduszki_2022.jpg\"\n           title=\"\"\n           data-src=\"http:\/\/rzucewo.com\/wp-content\/gallery\/zaduszki\/002_zaduszki_2022.jpg\"\n           data-thumbnail=\"http:\/\/rzucewo.com\/wp-content\/gallery\/zaduszki\/thumbs\/thumbs_002_zaduszki_2022.jpg\"\n           data-image-id=\"1790\"\n           data-title=\"002_zaduszki_2022\"\n           data-description=\"\"\n           class='nggobasic-fancybox' rel='8c8bcae7e0fcc978cd4bab22dde1432c'>\n\n            <img data-image-id='1790'\n                 title=\"\"\n                 alt=\"002_zaduszki_2022\"\n                 src=\"http:\/\/rzucewo.com\/wp-content\/gallery\/zaduszki\/002_zaduszki_2022.jpg\"\n                 style=\"max-height: 460px;\"\/>\n        <\/a>\n\n        <\/div> \n<\/div>\n\n\n\t\t<!-- Thumbnails Link -->\n\t<div class=\"slideshowlink\" style=\"max-width: 640px;\">\n        <a href='http:\/\/rzucewo.com\/index.php\/nggallery\/thumbnails?p=356369'>Wr\u00f3\u0107<\/a>\n\t<\/div>\n\n\n","protected":false},"excerpt":{"rendered":"<p>W dniu 5 listopada Ko\u0142o Przewodnik\u00f3w Turystycznych i Pilot\u00f3w PTTK w Pucku zorganizowa\u0142o wiecz\u00f3r wspomnie\u0144 o dw\u00f3ch osobach kt\u00f3re na trwale wpisa\u0142y si\u0119 w historie samorz\u0105du powiatu i gminy Puck. Zgodnie z tradycj\u0105 w tym dniu puccy przewodnicy i Go\u015bcie z gda\u0144skiego Ko\u0142a PTTK, odwiedzili groby os\u00f3b kt\u00f3re planowano wspomina\u0107 tj: Pani\u0105 Urszul\u0119 Kasperek i [&hellip;]<\/p>\n","protected":false},"author":2,"featured_media":0,"comment_status":"closed","ping_status":"closed","sticky":false,"template":"","format":"standard","meta":{"ngg_post_thumbnail":0,"footnotes":""},"categories":[1],"tags":[],"_links":{"self":[{"href":"http:\/\/rzucewo.com\/index.php?rest_route=\/wp\/v2\/posts\/356369"}],"collection":[{"href":"http:\/\/rzucewo.com\/index.php?rest_route=\/wp\/v2\/posts"}],"about":[{"href":"http:\/\/rzucewo.com\/index.php?rest_route=\/wp\/v2\/types\/post"}],"author":[{"embeddable":true,"href":"http:\/\/rzucewo.com\/index.php?rest_route=\/wp\/v2\/users\/2"}],"replies":[{"embeddable":true,"href":"http:\/\/rzucewo.com\/index.php?rest_route=%2Fwp%2Fv2%2Fcomments&post=356369"}],"version-history":[{"count":1,"href":"http:\/\/rzucewo.com\/index.php?rest_route=\/wp\/v2\/posts\/356369\/revisions"}],"predecessor-version":[{"id":356380,"href":"http:\/\/rzucewo.com\/index.php?rest_route=\/wp\/v2\/posts\/356369\/revisions\/356380"}],"wp:attachment":[{"href":"http:\/\/rzucewo.com\/index.php?rest_route=%2Fwp%2Fv2%2Fmedia&parent=356369"}],"wp:term":[{"taxonomy":"category","embeddable":true,"href":"http:\/\/rzucewo.com\/index.php?rest_route=%2Fwp%2Fv2%2Fcategories&post=356369"},{"taxonomy":"post_tag","embeddable":true,"href":"http:\/\/rzucewo.com\/index.php?rest_route=%2Fwp%2Fv2%2Ftags&post=356369"}],"curies":[{"name":"wp","href":"https:\/\/api.w.org\/{rel}","templated":true}]}}